{"id":349,"date":"2021-11-28T21:33:21","date_gmt":"2021-11-28T21:33:21","guid":{"rendered":"http:\/\/parafialekawica.ugtarnow.pro-linuxpl.com\/?p=349"},"modified":"2021-11-28T21:33:21","modified_gmt":"2021-11-28T21:33:21","slug":"pomoc-swiateczna","status":"publish","type":"post","link":"https:\/\/parafialekawica.prohost.pl\/?p=349","title":{"rendered":"Pomoc \u015bwi\u0105teczna"},"content":{"rendered":"<p style=\"text-align: justify;\">Zach\u0119camy do nabywania w przedsionku ko\u015bcio\u0142a\u00a0 \u015bwiec na st\u00f3\u0142 wigilijny: ma\u0142e w cenie od 7 z\u0142., a du\u017ce od 20 z\u0142. Ofiary sk\u0142adane przy tej okazji s\u0105 przeznaczone na cele charytatywne.<\/p>\n<p style=\"text-align: justify;\">W sklepie Hitpol mo\u017cna sk\u0142ada\u0107 do przygotowanych, oznaczonych logiem Caritas koszyk\u00f3w artyku\u0142y \u017cywno\u015bciowe, kt\u00f3re zostan\u0105 przed \u015bwi\u0119tami przekazane przez nasz parafialny Oddzia\u0142 Caritas rodzinom potrzebuj\u0105cym. Dzi\u0119kujemy Pa\u0144stwu Onikom.<\/p>\n<p style=\"text-align: justify;\">\u201eMiko\u0142aje Adasia\u201d zapraszaj\u0105 na Miko\u0142ajkowy Kiermasz ciast i smako\u0142yk\u00f3w, kt\u00f3ry b\u0119dzie 5 grudnia na placu przy naszym ko\u015bciele w godzinach od 7.30 do 13.00, a kt\u00f3rego celem jest wsparcie drogiego leczenia i rehabilitacji ma\u0142ego Adasia.<\/p>\n<p style=\"text-align: justify;\">Nasze drogie Panie z Ko\u0142a Gospody\u0144 Wiejskich \u201eCzerwone Korale\u201d jak co roku serdecznie zapraszaj\u0105, r\u00f3wnie\u017c w niedziel\u0119 5 grudnia od godz.7.00 &#8211; 14.00 na kiermasz \u015bwi\u0105teczny, kt\u00f3ry odb\u0119dzie si\u0119 na parkingu ko\u0142o ko\u015bcio\u0142a. B\u0119dzie mo\u017cna zakupi\u0107 ciasta, przetwory, stroiki oraz \u015bwi\u0105teczne wyroby r\u0119kodzielnicze. B\u0119dzie tak\u017ce do nabycia smaczny bigos, z kt\u00f3rego doch\u00f3d b\u0119dzie przeznaczony na leczenie Adasia. Bardzo gor\u0105co dzi\u0119kujemy naszym Paniom z KGW za ten wielki gest serca. R\u00f3wnie\u017c dzi\u0119kujemy za wykonanie pi\u0119knej dekoracji adwentowej w naszym ko\u015bciele. Pragniemy wyrazi\u0107 nasz\u0105 wdzi\u0119czno\u015b\u0107 r\u00f3wnie\u017c i Panom z naszej parafii za prac\u0119 przy zadaszeniu wiaty na placu integracji i spotka\u0144 przy plebanii.<\/p>\n<p style=\"text-align: justify;\">Zach\u0119camy wszystkich parafian do w\u0142\u0105czenia si\u0119 w og\u00f3lnopolsk\u0105 akcj\u0119 Paczuszka dla Maluszka, kt\u00f3ra polega na przygotowaniu dar\u00f3w dla podopiecznych Domu Samotnej Matki w Tarnowie. Pos\u0142uguj\u0105 tam SS. Urszulanki, kt\u00f3re obecnie pomagaj\u0105 15 mamom i 45 dzieciom. Z choinki umieszczonej przy o\u0142tarzu mo\u017cna zabra\u0107 papierow\u0105 bombk\u0119, na kt\u00f3rej jest informacja, co mo\u017cna ofiarowa\u0107. Ofiarowane dary przynosimy pod choink\u0119. Mo\u017cna r\u00f3wnie\u017c wp\u0142aci\u0107 darowizn\u0119 na konto Domu Samotnej Matki w Tarnowie na podany numer. Dary pod choink\u0119 mo\u017cna sk\u0142ada\u0107 do 12 grudnia. Akcj\u0119 koordynuje Domowy Ko\u015bci\u00f3\u0142.<\/p>\n<p style=\"text-align: center;\"><img loading=\"lazy\" decoding=\"async\" class=\"alignnone size-full wp-image-350\" src=\"http:\/\/parafialekawica.ugtarnow.pro-linuxpl.com\/wp-content\/uploads\/2021\/11\/261320285_324742762478317_5265003489177014497_n.jpg\" alt=\"\" width=\"1120\" height=\"2016\" srcset=\"https:\/\/parafialekawica.prohost.pl\/wp-content\/uploads\/2021\/11\/261320285_324742762478317_5265003489177014497_n.jpg 1120w, https:\/\/parafialekawica.prohost.pl\/wp-content\/uploads\/2021\/11\/261320285_324742762478317_5265003489177014497_n-167x300.jpg 167w, https:\/\/parafialekawica.prohost.pl\/wp-content\/uploads\/2021\/11\/261320285_324742762478317_5265003489177014497_n-569x1024.jpg 569w, https:\/\/parafialekawica.prohost.pl\/wp-content\/uploads\/2021\/11\/261320285_324742762478317_5265003489177014497_n-768x1382.jpg 768w, https:\/\/parafialekawica.prohost.pl\/wp-content\/uploads\/2021\/11\/261320285_324742762478317_5265003489177014497_n-853x1536.jpg 853w\" sizes=\"auto, (max-width: 1120px) 100vw, 1120px\" \/><\/p>\n","protected":false},"excerpt":{"rendered":"<p>Zach\u0119camy do nabywania w przedsionku ko\u015bcio\u0142a\u00a0 \u015bwiec na st\u00f3\u0142 wigilijny: ma\u0142e w cenie od 7 z\u0142., a du\u017ce od 20 z\u0142. Ofiary sk\u0142adane przy tej okazji s\u0105 przeznaczone na cele charytatywne. W sklepie Hitpol mo\u017cna sk\u0142ada\u0107 do przygotowanych, oznaczonych logiem Caritas koszyk\u00f3w artyku\u0142y \u017cywno\u015bciowe, kt\u00f3re zostan\u0105 przed \u015bwi\u0119tami przekazane przez nasz parafialny Oddzia\u0142 Caritas rodzinom [&hellip;]<\/p>\n","protected":false},"author":1,"featured_media":0,"comment_status":"closed","ping_status":"closed","sticky":false,"template":"","format":"standard","meta":{"footnotes":""},"categories":[1],"tags":[],"class_list":{"0":"post-349","1":"post","2":"type-post","3":"status-publish","4":"format-standard","6":"category-aktualnosci","7":"czr-hentry"},"_links":{"self":[{"href":"https:\/\/parafialekawica.prohost.pl\/index.php?rest_route=\/wp\/v2\/posts\/349","targetHints":{"allow":["GET"]}}],"collection":[{"href":"https:\/\/parafialekawica.prohost.pl\/index.php?rest_route=\/wp\/v2\/posts"}],"about":[{"href":"https:\/\/parafialekawica.prohost.pl\/index.php?rest_route=\/wp\/v2\/types\/post"}],"author":[{"embeddable":true,"href":"https:\/\/parafialekawica.prohost.pl\/index.php?rest_route=\/wp\/v2\/users\/1"}],"replies":[{"embeddable":true,"href":"https:\/\/parafialekawica.prohost.pl\/index.php?rest_route=%2Fwp%2Fv2%2Fcomments&post=349"}],"version-history":[{"count":1,"href":"https:\/\/parafialekawica.prohost.pl\/index.php?rest_route=\/wp\/v2\/posts\/349\/revisions"}],"predecessor-version":[{"id":351,"href":"https:\/\/parafialekawica.prohost.pl\/index.php?rest_route=\/wp\/v2\/posts\/349\/revisions\/351"}],"wp:attachment":[{"href":"https:\/\/parafialekawica.prohost.pl\/index.php?rest_route=%2Fwp%2Fv2%2Fmedia&parent=349"}],"wp:term":[{"taxonomy":"category","embeddable":true,"href":"https:\/\/parafialekawica.prohost.pl\/index.php?rest_route=%2Fwp%2Fv2%2Fcategories&post=349"},{"taxonomy":"post_tag","embeddable":true,"href":"https:\/\/parafialekawica.prohost.pl\/index.php?rest_route=%2Fwp%2Fv2%2Ftags&post=349"}],"curies":[{"name":"wp","href":"https:\/\/api.w.org\/{rel}","templated":true}]}}