{"id":2841,"date":"2025-02-10T20:44:23","date_gmt":"2025-02-10T20:44:23","guid":{"rendered":"https:\/\/parafialekawica.prohost.pl\/?p=2841"},"modified":"2025-03-30T06:09:39","modified_gmt":"2025-03-30T06:09:39","slug":"jubileusz-2025-w-diecezji-tarnowskiej","status":"publish","type":"post","link":"https:\/\/parafialekawica.prohost.pl\/?p=2841","title":{"rendered":"Jubileusz 2025 w Diecezji Tarnowskiej"},"content":{"rendered":"<p style=\"text-align: justify;\">Artyku\u0142 ze strony: <a href=\"https:\/\/diecezjatarnow.pl\/aktualnosci\/jubileusz-2025-w-diecezji-tarnowskiej\/188\">https:\/\/diecezjatarnow.pl\/aktualnosci\/jubileusz-2025-w-diecezji-tarnowskiej\/188<\/a><\/p>\n<p style=\"text-align: justify;\">Papie\u017c Franciszek og\u0142osi\u0142 Rok Jubileuszowy 2025, kt\u00f3ry rozpocz\u0105\u0142 uroczystym otwarciem Drzwi \u015awi\u0119tych w Wigili\u0119 Narodzenia Pa\u0144skiego w Bazylice \u015bw. Piotra w Watykanie. Has\u0142em jubileuszu jest \u201eSpes non confundit\u201d (Nadzieja zawie\u015b\u0107 nie mo\u017ce), podkre\u015blaj\u0105c znaczenie nadziei jako fundamentu chrze\u015bcija\u0144skiego \u017cycia. Jubileusz ma na celu duchowe odnowienie, promowanie jedno\u015bci, trosk\u0119 o osoby ubogie oraz budzenie nadziei w trudnych czasach.<\/p>\n<p style=\"text-align: justify;\"><strong>Znaczenie i cele Roku Jubileuszowego<\/strong><\/p>\n<p style=\"text-align: justify;\">Papie\u017c Franciszek zaprasza wiernych do refleksji nad nadziej\u0105, jako warto\u015bci\u0105 zakorzenion\u0105 w wierze. Zach\u0119ca do pielgrzymek zar\u00f3wno do Rzymu, jak i do lokalnych katedr i sanktuari\u00f3w, gdzie wierni b\u0119d\u0105 mogli uzyska\u0107 odpust jubileuszowy. Ojciec \u015awi\u0119ty podkre\u015bli\u0142 r\u00f3wnie\u017c wag\u0119 sakramentu spowiedzi i przebaczenia, kt\u00f3re Misjonarze Mi\u0142osierdzia maj\u0105 promowa\u0107, szczeg\u00f3lnie w miejscach takich jak wi\u0119zienia czy szpitale. Jubileusz b\u0119dzie tak\u017ce czasem refleksji nad ochron\u0105 \u017cycia od jego pocz\u0119cia po naturalny koniec oraz trosk\u0105 o m\u0142odych i osoby marginalizowane. Ten \u015bwi\u0119ty czas by\u0142 zawsze dla Ko\u015bcio\u0142a szczeg\u00f3lnie wa\u017cny. Ma on wymiar nie tylko duchowy ale tak\u017ce spo\u0142eczny i ko\u015bcielny. Jubileusz roku 2025 ma sta\u0107 si\u0119 dla ka\u017cdego cz\u0142owieka przestrzeni\u0105 do zag\u0142\u0119bienia si\u0119 w tajemnic\u0119 nadziei jako fundamentu na kt\u00f3rym chrze\u015bcijanin kszta\u0142tuje swoj\u0105 relacj\u0119 z Bogiem. Jak podkre\u015bla w swoim li\u015bcie Ojciec \u015awi\u0119ty ,,Musimy podtrzymywa\u0107 p\u0142omie\u0144 nadziei, kt\u00f3ra zosta\u0142a nam dana, i czyni\u0107 wszystko, aby ka\u017cdy odzyska\u0142 si\u0142\u0119 i pewno\u015b\u0107, \u017ceby patrze\u0107 w przysz\u0142o\u015b\u0107 z otwart\u0105 dusz\u0105, ufnym sercem oraz dalekosi\u0119\u017cnym my\u015bleniem. Najbli\u017cszy Jubileusz b\u0119dzie m\u00f3g\u0142 znacznie przyczyni\u0107 si\u0119 do przywr\u00f3cenia klimatu nadziei i ufno\u015bci jako znak nowego odrodzenia, kt\u00f3rego wszyscy pilnie potrzebujemy. Z tego wzgl\u0119du wybra\u0142em motto: Pielgrzymi nadziei.\u201d<\/p>\n<p style=\"text-align: justify;\"><strong>Sanktuaria jako centra nadziei<\/strong><\/p>\n<p style=\"text-align: justify;\">Szczeg\u00f3ln\u0105 rol\u0119 w budzeniu nadziei i duchowej odnowy pe\u0142ni\u0105 sanktuaria maryjne. Papie\u017c Franciszek zach\u0119ca wiernych, by odwiedzali te miejsca, kt\u00f3re od wiek\u00f3w s\u0105 symbolami wiary i pocieszenia. Sanktuaria maj\u0105 sta\u0107 si\u0119 przestrzeniami modlitwy, wyciszenia i g\u0142\u0119bszego poznania Boga. W Roku Jubileuszowym planowane s\u0105 tam specjalne wydarzenia jak rekolekcje czy nabo\u017ce\u0144stwa dost\u0119pne tak\u017ce dla tych, kt\u00f3rzy nie mog\u0105 uda\u0107 si\u0119 do Rzymu.<\/p>\n<p style=\"text-align: justify;\"><strong>Kluczowe wydarzenia jubileuszu<\/strong><\/p>\n<p style=\"text-align: justify;\">&#8211; Otwarcie Drzwi \u015awi\u0119tych: Po Bazylice \u015awi\u0119tego Piotra 29 grudnia 2024 roku otwarte zostan\u0105 Drzwi \u015awi\u0119te w Bazylice \u015bw. Jana na Lateranie, 1 stycznia 2025 w Bazylice Matki Bo\u017cej Wi\u0119kszej, a 5 stycznia w Bazylice \u015bw. Paw\u0142a za Murami.<\/p>\n<p style=\"text-align: justify;\">&#8211; Celebracje w diecezjach: 29 grudnia 2024 roku biskupi w katedrach i konkatedrach na ca\u0142ym \u015bwiecie zainauguruj\u0105 Rok Jubileuszowy specjalnymi liturgiami.<\/p>\n<p style=\"text-align: justify;\">&#8211; Ekumenizm i jedno\u015b\u0107: Franciszek zapowiada celebracje z udzia\u0142em chrze\u015bcijan r\u00f3\u017cnych wyzna\u0144, promuj\u0105ce tzw. \u201eekumenizm krwi\u201d podkre\u015blaj\u0105c wsp\u00f3lne \u015bwiadectwo m\u0119czennik\u00f3w.<\/p>\n<p style=\"text-align: justify;\">Stolica Apostolska przygotowa\u0142a specjaln\u0105 stron\u0119 internetow\u0105 na kt\u00f3rej mo\u017cna znale\u017a\u0107 informacj\u0119 na temat prze\u017cywanego obecnie Jubileuszu oraz aktualnych wydarze\u0144. Pielgrzymi, kt\u00f3rzy wybieraj\u0105 si\u0119 do Rzymu znajd\u0105 tam wszelkie wskaz\u00f3wki do tego by bezpiecznie porusza\u0107 si\u0119 po Wiecznym Mie\u015bcie i owocnie prze\u017cy\u0107 czas nawiedzaj\u0105c \u015bwi\u0119te miejsca.<\/p>\n<p style=\"text-align: justify;\"><a href=\"https:\/\/www.iubilaeum2025.va\/pl.html\">STRONA JUBILEUSZU 2025<\/a><\/p>\n<p style=\"text-align: justify;\"><strong>Rok Jubileuszowy w Diecezji Tarnowskiej<\/strong><\/p>\n<p style=\"text-align: justify;\">R\u00f3wnie\u017c ci, kt\u00f3rzy nie mog\u0105 uda\u0107 si\u0119 do Rzymu maj\u0105 okazj\u0119 duchowo prze\u017cy\u0107 czas Jubileuszu. Wystarczy, \u017ce b\u0119d\u0105 oni uczestniczy\u0107 w wydarzeniach na szczeblu lokalnym tj. w swojej diecezji. Biskup Tarnowski Andrzej Je\u017c zaprasza wszystkich diecezjan, aby wykorzystali czas Jubileuszu do pog\u0142\u0119bienia i odnowienia swojej wiary. Jak podkre\u015bla biskup Je\u017c \u201eChcemy przede wszystkim wyeksponowa\u0107 sakrament pokuty, jego wag\u0119 w \u017cyciu chrze\u015bcija\u0144skim. Chcieliby\u015bmy wzmocni\u0107 nabo\u017ce\u0144stwo pierwszych pi\u0105tk\u00f3w miesi\u0105ca, kt\u00f3re wydaje si\u0119, \u017ce mo\u017ce os\u0142ab\u0142o w niekt\u00f3rych miejscach i tak\u017ce wzmocni\u0107 kult Naj\u015bwi\u0119tszego Serca Pana Jezusa, bo z tym wi\u0105\u017ce si\u0119 nabo\u017ce\u0144stwo pierwszych pi\u0105tk\u00f3w.\u201d<\/p>\n<p style=\"text-align: justify;\">29 grudnia br. w \u015awi\u0119to \u015awi\u0119tej Rodziny Jezusa, Maryi i J\u00f3zefa w Bazylice Katedralnej pod przewodnictwem Biskupa Tarnowskiego odb\u0119dzie si\u0119 inauguracja Roku Jubileuszowego w naszej diecezji.<\/p>\n<p style=\"text-align: justify;\">Jest to data, kt\u00f3r\u0105 wyznaczy\u0142 papie\u017c Franciszek w bulli Spes non confundit og\u0142aszaj\u0105cej Jubileusz Zwyczajny roku 2025, zach\u0119caj\u0105c jednocze\u015bnie do uroczystej celebracji tego wyj\u0105tkowego wydarzenia. Szczeg\u00f3lnym znakiem otwarcia Roku Jubileuszowego b\u0119dzie procesja za krzy\u017cem i uroczyste wej\u015bcie do ko\u015bcio\u0142a katedralnego, gdzie pasterz diecezji sprawuje swoj\u0105 pos\u0142ug\u0119 nauczania, przewodniczy Bo\u017cym misteriom, liturgii ub\u0142agania i przeb\u0142agania oraz przewodzi wsp\u00f3lnocie ko\u015bcielnej (por. Obrz\u0119d otwarcia Roku Jubileuszowego w ko\u015bcio\u0142ach partykularnych, nr 4).<\/p>\n<p style=\"text-align: justify;\"><strong>W jaki spos\u00f3b mo\u017cemy uczestniczy\u0107 w Jubileuszu w naszej diecezji?<\/strong><\/p>\n<p style=\"text-align: justify;\">Biskup Andrzej Je\u017c ustanowi\u0142 ko\u015bcio\u0142y jubileuszowe, do kt\u00f3rych b\u0119d\u0105 mogli pielgrzymowa\u0107 wierni:<\/p>\n<p style=\"text-align: justify;\">Bazyliki mniejsze:<br \/>\n&#8211; \u015bw. Miko\u0142aja w Bochni,<br \/>\n&#8211; \u015bw. Katarzyny Aleksandryjskiej w Grybowie,<br \/>\n&#8211; Matki Boskiej Bolesnej w Limanowej,<br \/>\n&#8211; \u015bw. Mateusza w Mielcu,<br \/>\n&#8211; \u015bw. Ma\u0142gorzaty w Nowym S\u0105czu,<br \/>\n&#8211; \u015bw. Marii Magdaleny i \u015bw. Stanis\u0142awa BM w Szczepanowie,<br \/>\n&#8211; Narodzenia NMP w katedrze w Tarnowie,<br \/>\n&#8211; Nawiedzenia NMP w Tuchowie,<br \/>\nInne ko\u015bcio\u0142y:<br \/>\n&#8211; NMP Szkaplerznej w D\u0105browie Tarnowskiej,<br \/>\n&#8211; \u015bw. Jadwigi \u015al\u0105skiej w D\u0119bicy,<br \/>\n&#8211; NMP Matki Ko\u015bcio\u0142a i \u015bw. Jakuba Aposto\u0142a w Brzesku,<br \/>\n&#8211; Wniebowzi\u0119cia NMP w Krynicy-Zdroju,<br \/>\n&#8211; \u015bw. Wojciecha w Szczawnicy.<br \/>\n&#8211; Sanktuarium B\u0142. Karoliny K\u00f3zk\u00f3wny w Zabawie<\/p>\n<p style=\"text-align: justify;\">Wierni b\u0119d\u0105 mogli otrzyma\u0107 r\u00f3wnie\u017c odpust zupe\u0142ny pod zwyk\u0142ymi warunkami dzi\u0119ki: Nawiedzeniu jednego z wy\u017cej wymienionych ko\u015bcio\u0142\u00f3w po\u0142\u0105czonego z adoracj\u0105 eucharystyczn\u0105 lub pobo\u017cnym rozmy\u015blaniem i odm\u00f3wieniem modlitwy Ojcze Nasz, Wyznania wiary oraz Modlitwy do Naj\u015bwi\u0119tszej Maryi Panny.<\/p>\n<p style=\"text-align: center;\"><img loading=\"lazy\" decoding=\"async\" class=\"alignnone wp-image-2843\" src=\"https:\/\/parafialekawica.prohost.pl\/wp-content\/uploads\/2025\/02\/jubileusz-2.png\" alt=\"\" width=\"542\" height=\"542\" srcset=\"https:\/\/parafialekawica.prohost.pl\/wp-content\/uploads\/2025\/02\/jubileusz-2.png 4500w, https:\/\/parafialekawica.prohost.pl\/wp-content\/uploads\/2025\/02\/jubileusz-2-300x300.png 300w, https:\/\/parafialekawica.prohost.pl\/wp-content\/uploads\/2025\/02\/jubileusz-2-1024x1024.png 1024w, https:\/\/parafialekawica.prohost.pl\/wp-content\/uploads\/2025\/02\/jubileusz-2-150x150.png 150w, https:\/\/parafialekawica.prohost.pl\/wp-content\/uploads\/2025\/02\/jubileusz-2-768x768.png 768w, https:\/\/parafialekawica.prohost.pl\/wp-content\/uploads\/2025\/02\/jubileusz-2-1536x1536.png 1536w, https:\/\/parafialekawica.prohost.pl\/wp-content\/uploads\/2025\/02\/jubileusz-2-2048x2048.png 2048w, https:\/\/parafialekawica.prohost.pl\/wp-content\/uploads\/2025\/02\/jubileusz-2-510x510.png 510w\" sizes=\"auto, (max-width: 542px) 100vw, 542px\" \/><\/p>\n<p style=\"text-align: justify;\">,,Wierni, kt\u00f3rzy z wa\u017cnych powod\u00f3w nie mog\u0105 nawiedzi\u0107 ko\u015bcio\u0142\u00f3w jubileuszowych, mog\u0105 uzyska\u0107 odpust na tych samych warunkach, je\u015bli odm\u00f3wi\u0105 we w\u0142asnym domu lub w miejscu swego przebywania modlitw\u0119 Ojcze nasz, Wyznanie wiary i inne modlitwy zgodne z intencjami Roku \u015awi\u0119tego, ofiarowuj\u0105c wraz z nimi swoje cierpienia lub trudno\u015bci \u017cyciowe\u2019\u2019 \u2013 przekaza\u0142 Biskup Tarnowski.<\/p>\n<p>&nbsp;<\/p>\n<p style=\"text-align: justify;\"><strong>Zako\u0144czenie Roku \u015awi\u0119tego<\/strong><\/p>\n<p style=\"text-align: justify;\">Rok Jubileuszowy zako\u0144czy si\u0119 6 stycznia 2026 roku zamkni\u0119ciem Drzwi \u015awi\u0119tych w Bazylice \u015awi\u0119tego Piotra. Papie\u017c wyrazi\u0142 nadziej\u0119, \u017ce wydarzenie to wzmocni wiar\u0119 i solidarno\u015b\u0107 w Ko\u015bciele i na ca\u0142ym \u015bwiecie. Jubileusz to okazja do odnowienia wi\u0119zi z Bogiem i bli\u017animi, a tak\u017ce do przypomnienia chrze\u015bcija\u0144skiego obowi\u0105zku niesienia nadziei w obliczu wsp\u00f3\u0142czesnych wyzwa\u0144.<br \/>\n,,Pozw\u00f3lmy, by od teraz poci\u0105gn\u0119\u0142a nas nadzieja i pozw\u00f3lmy, by przez nas sta\u0142a si\u0119 zara\u017aliwa dla tych, kt\u00f3rzy jej pragn\u0105. Niech nasze \u017cycie m\u00f3wi im: \u201eUfaj Panu, b\u0105d\u017a m\u0119\u017cny, niech si\u0119 twe serce umocni, ufaj Panu!\u201d (Ps 27, 14). Niech moc nadziei wype\u0142nia nasz\u0105 tera\u017aniejszo\u015b\u0107, w ufnym oczekiwaniu na powr\u00f3t Pana Jezusa Chrystusa, kt\u00f3remu niech b\u0119dzie cze\u015b\u0107 i chwa\u0142a teraz i na przysz\u0142e wieki\u2019\u2019 \u2013 napisa\u0142 Papie\u017c Franciszek.<\/p>\n<p>&nbsp;<\/p>\n<p><strong>Modlitwa Jubileuszu<\/strong><\/p>\n<p><em>Ojcze, kt\u00f3ry jeste\u015b w niebie,<\/em><br \/>\n<em>niech wiara, kt\u00f3r\u0105 nam da\u0142e\u015b<\/em><br \/>\n<em>w Twoim Synu Jezusie Chrystusie, naszym Bracie,<\/em><br \/>\n<em>i p\u0142omie\u0144 mi\u0142o\u015bci<\/em><br \/>\n<em>rozlany w naszych sercach przez Ducha \u015awi\u0119tego,<\/em><br \/>\n<em>obudz\u0105 w nas b\u0142ogos\u0142awion\u0105 nadziej\u0119<\/em><br \/>\n<em>na przyj\u015bcie Twojego Kr\u00f3lestwa.<\/em><br \/>\n<em>\u00a0<\/em><br \/>\n<em>Niech Twoja \u0142aska przemienia nas<\/em><br \/>\n<em>w pracowitych siewc\u00f3w ewangelicznych ziaren,<\/em><br \/>\n<em>kt\u00f3re b\u0119d\u0105 zaczynem ludzko\u015bci i kosmosu,<\/em><br \/>\n<em>w ufnym oczekiwaniu<\/em><br \/>\n<em>nowego nieba i nowej ziemi,<\/em><br \/>\n<em>gdy moce Z\u0142a zostan\u0105 pokonane,<\/em><br \/>\n<em>a Twoja chwa\u0142a objawi si\u0119 na wieki.<\/em><br \/>\n<em>\u00a0<\/em><br \/>\n<em>Niech \u0142aska Jubileuszu<\/em><br \/>\n<em>o\u017cywi w nas, Pielgrzymach nadziei,<\/em><br \/>\n<em>pragnienie d\u00f3br niebieskich<\/em><br \/>\n<em>i rozleje po ca\u0142ej ziemi<\/em><br \/>\n<em>rado\u015b\u0107 i pok\u00f3j<\/em><br \/>\n<em>naszego Odkupiciela.<\/em><\/p>\n<p><em>Ty wzbudzi\u0142e\u015b w b\u0142ogos\u0142awionej rodzinie Ulm\u00f3w mi\u0142o\u015b\u0107 do prze\u015bladowanych i udzieli\u0142e\u015b im m\u0119stwa do niesienia pomocy a\u017c do m\u0119cze\u0144stwa. Pomna\u017caj w nas gotow\u0105 do po\u015bwi\u0119ce\u0144 mi\u0142o\u015b\u0107 Boga <\/em><br \/>\n<em>i bli\u017anich, aby\u015bmy odwa\u017cnie dawali \u015bwiadectwo naszej wierze. Przez ich wstawiennictwo umacniaj rodziny naszej parafii, aby by\u0142y Bogiem silne i daj dar nowych powo\u0142a\u0144 do s\u0142u\u017cy Bo\u017cej w Ko\u015bciele. <\/em><br \/>\n<em>Przez Chrystusa Pana naszego. Amen<\/em><\/p>\n","protected":false},"excerpt":{"rendered":"<p>Artyku\u0142 ze strony: https:\/\/diecezjatarnow.pl\/aktualnosci\/jubileusz-2025-w-diecezji-tarnowskiej\/188 Papie\u017c Franciszek og\u0142osi\u0142 Rok Jubileuszowy 2025, kt\u00f3ry rozpocz\u0105\u0142 uroczystym otwarciem Drzwi \u015awi\u0119tych w Wigili\u0119 Narodzenia Pa\u0144skiego w Bazylice \u015bw. Piotra w Watykanie. Has\u0142em jubileuszu jest \u201eSpes non confundit\u201d (Nadzieja zawie\u015b\u0107 nie mo\u017ce), podkre\u015blaj\u0105c znaczenie nadziei jako fundamentu chrze\u015bcija\u0144skiego \u017cycia. Jubileusz ma na celu duchowe odnowienie, promowanie jedno\u015bci, trosk\u0119 o osoby ubogie [&hellip;]<\/p>\n","protected":false},"author":1,"featured_media":2842,"comment_status":"closed","ping_status":"closed","sticky":false,"template":"","format":"standard","meta":{"footnotes":""},"categories":[1],"tags":[],"class_list":{"0":"post-2841","1":"post","2":"type-post","3":"status-publish","4":"format-standard","5":"has-post-thumbnail","7":"category-aktualnosci","8":"czr-hentry"},"_links":{"self":[{"href":"https:\/\/parafialekawica.prohost.pl\/index.php?rest_route=\/wp\/v2\/posts\/2841","targetHints":{"allow":["GET"]}}],"collection":[{"href":"https:\/\/parafialekawica.prohost.pl\/index.php?rest_route=\/wp\/v2\/posts"}],"about":[{"href":"https:\/\/parafialekawica.prohost.pl\/index.php?rest_route=\/wp\/v2\/types\/post"}],"author":[{"embeddable":true,"href":"https:\/\/parafialekawica.prohost.pl\/index.php?rest_route=\/wp\/v2\/users\/1"}],"replies":[{"embeddable":true,"href":"https:\/\/parafialekawica.prohost.pl\/index.php?rest_route=%2Fwp%2Fv2%2Fcomments&post=2841"}],"version-history":[{"count":4,"href":"https:\/\/parafialekawica.prohost.pl\/index.php?rest_route=\/wp\/v2\/posts\/2841\/revisions"}],"predecessor-version":[{"id":2908,"href":"https:\/\/parafialekawica.prohost.pl\/index.php?rest_route=\/wp\/v2\/posts\/2841\/revisions\/2908"}],"wp:featuredmedia":[{"embeddable":true,"href":"https:\/\/parafialekawica.prohost.pl\/index.php?rest_route=\/wp\/v2\/media\/2842"}],"wp:attachment":[{"href":"https:\/\/parafialekawica.prohost.pl\/index.php?rest_route=%2Fwp%2Fv2%2Fmedia&parent=2841"}],"wp:term":[{"taxonomy":"category","embeddable":true,"href":"https:\/\/parafialekawica.prohost.pl\/index.php?rest_route=%2Fwp%2Fv2%2Fcategories&post=2841"},{"taxonomy":"post_tag","embeddable":true,"href":"https:\/\/parafialekawica.prohost.pl\/index.php?rest_route=%2Fwp%2Fv2%2Ftags&post=2841"}],"curies":[{"name":"wp","href":"https:\/\/api.w.org\/{rel}","templated":true}]}}