{"id":2566,"date":"2024-09-01T06:40:16","date_gmt":"2024-09-01T06:40:16","guid":{"rendered":"https:\/\/parafialekawica.prohost.pl\/?p=2566"},"modified":"2024-09-01T06:40:58","modified_gmt":"2024-09-01T06:40:58","slug":"odpust-parafialny-w-parafii-trzemesna-25-sierpnia-2024-r","status":"publish","type":"post","link":"https:\/\/parafialekawica.prohost.pl\/?p=2566","title":{"rendered":"Odpust parafialny  w Parafii Trzemesna &#8211; 25 sierpnia 2024 r."},"content":{"rendered":"<p style=\"text-align: justify;\">25 sierpnia br. parafia w Trzemesnej prze\u017cywa\u0142a Uroczysto\u015b\u0107 Odpustow\u0105 ku czci N.M.P. Cz\u0119stochowskiej. Suma odpustowej\u00a0 o godz. 11.00. przewodniczy\u0142\u00a0 i kazanie wyg\u0142osi\u0142 O. Maksymilian W\u00f3jtowicz ze Zgromadzenia Ksi\u0119\u017cy Michalit\u00f3w. Po Mszy \u015aw. mi\u0142a miejsce tradycyjnie\u00a0 procesja Eucharystyczna. B\u00f3g zap\u0142a\u0107 wszystkim parafianom i go\u015bciom za pi\u0119kne prze\u017cycie i przygotowanie Odpustu Parafialnego. Wszystkich polecamy opiece NMP Cz\u0119stochowskiej.<\/p>\n<p>Nagranie filmowe dost\u0119pne w linku &#8211; <a href=\"https:\/\/youtu.be\/d4NBEVB0nUI?si=G6kuvJw19VyOtvPY\">https:\/\/youtu.be\/d4NBEVB0nUI?si=G6kuvJw19VyOtvPY<\/a><\/p>\n<p><img loading=\"lazy\" decoding=\"async\" class=\"alignnone size-full wp-image-2567\" src=\"https:\/\/parafialekawica.prohost.pl\/wp-content\/uploads\/2024\/09\/457747010_828579262718124_7696971714930734117_n.jpg\" alt=\"\" width=\"1536\" height=\"2048\" srcset=\"https:\/\/parafialekawica.prohost.pl\/wp-content\/uploads\/2024\/09\/457747010_828579262718124_7696971714930734117_n.jpg 1536w, https:\/\/parafialekawica.prohost.pl\/wp-content\/uploads\/2024\/09\/457747010_828579262718124_7696971714930734117_n-225x300.jpg 225w, https:\/\/parafialekawica.prohost.pl\/wp-content\/uploads\/2024\/09\/457747010_828579262718124_7696971714930734117_n-768x1024.jpg 768w, https:\/\/parafialekawica.prohost.pl\/wp-content\/uploads\/2024\/09\/457747010_828579262718124_7696971714930734117_n-1152x1536.jpg 1152w\" sizes=\"auto, (max-width: 1536px) 100vw, 1536px\" \/> <img loading=\"lazy\" decoding=\"async\" class=\"alignnone size-full wp-image-2568\" src=\"https:\/\/parafialekawica.prohost.pl\/wp-content\/uploads\/2024\/09\/457322403_828579246051459_257853607498738802_n.jpg\" alt=\"\" width=\"1536\" height=\"2048\" srcset=\"https:\/\/parafialekawica.prohost.pl\/wp-content\/uploads\/2024\/09\/457322403_828579246051459_257853607498738802_n.jpg 1536w, https:\/\/parafialekawica.prohost.pl\/wp-content\/uploads\/2024\/09\/457322403_828579246051459_257853607498738802_n-225x300.jpg 225w, https:\/\/parafialekawica.prohost.pl\/wp-content\/uploads\/2024\/09\/457322403_828579246051459_257853607498738802_n-768x1024.jpg 768w, https:\/\/parafialekawica.prohost.pl\/wp-content\/uploads\/2024\/09\/457322403_828579246051459_257853607498738802_n-1152x1536.jpg 1152w\" sizes=\"auto, (max-width: 1536px) 100vw, 1536px\" \/> <img loading=\"lazy\" decoding=\"async\" class=\"alignnone size-full wp-image-2569\" src=\"https:\/\/parafialekawica.prohost.pl\/wp-content\/uploads\/2024\/09\/457634809_828579139384803_5249455690445402100_n.jpg\" alt=\"\" width=\"2048\" height=\"1536\" srcset=\"https:\/\/parafialekawica.prohost.pl\/wp-content\/uploads\/2024\/09\/457634809_828579139384803_5249455690445402100_n.jpg 2048w, https:\/\/parafialekawica.prohost.pl\/wp-content\/uploads\/2024\/09\/457634809_828579139384803_5249455690445402100_n-300x225.jpg 300w, https:\/\/parafialekawica.prohost.pl\/wp-content\/uploads\/2024\/09\/457634809_828579139384803_5249455690445402100_n-1024x768.jpg 1024w, https:\/\/parafialekawica.prohost.pl\/wp-content\/uploads\/2024\/09\/457634809_828579139384803_5249455690445402100_n-768x576.jpg 768w, https:\/\/parafialekawica.prohost.pl\/wp-content\/uploads\/2024\/09\/457634809_828579139384803_5249455690445402100_n-1536x1152.jpg 1536w\" sizes=\"auto, (max-width: 2048px) 100vw, 2048px\" \/> <img loading=\"lazy\" decoding=\"async\" class=\"alignnone size-full wp-image-2570\" src=\"https:\/\/parafialekawica.prohost.pl\/wp-content\/uploads\/2024\/09\/457559560_828579039384813_155100272529992337_n.jpg\" alt=\"\" width=\"2048\" height=\"1536\" srcset=\"https:\/\/parafialekawica.prohost.pl\/wp-content\/uploads\/2024\/09\/457559560_828579039384813_155100272529992337_n.jpg 2048w, https:\/\/parafialekawica.prohost.pl\/wp-content\/uploads\/2024\/09\/457559560_828579039384813_155100272529992337_n-300x225.jpg 300w, https:\/\/parafialekawica.prohost.pl\/wp-content\/uploads\/2024\/09\/457559560_828579039384813_155100272529992337_n-1024x768.jpg 1024w, https:\/\/parafialekawica.prohost.pl\/wp-content\/uploads\/2024\/09\/457559560_828579039384813_155100272529992337_n-768x576.jpg 768w, https:\/\/parafialekawica.prohost.pl\/wp-content\/uploads\/2024\/09\/457559560_828579039384813_155100272529992337_n-1536x1152.jpg 1536w\" sizes=\"auto, (max-width: 2048px) 100vw, 2048px\" \/> <img loading=\"lazy\" decoding=\"async\" class=\"alignnone size-full wp-image-2571\" src=\"https:\/\/parafialekawica.prohost.pl\/wp-content\/uploads\/2024\/09\/457617141_828579042718146_7101225946376262397_n.jpg\" alt=\"\" width=\"2048\" height=\"1536\" srcset=\"https:\/\/parafialekawica.prohost.pl\/wp-content\/uploads\/2024\/09\/457617141_828579042718146_7101225946376262397_n.jpg 2048w, https:\/\/parafialekawica.prohost.pl\/wp-content\/uploads\/2024\/09\/457617141_828579042718146_7101225946376262397_n-300x225.jpg 300w, https:\/\/parafialekawica.prohost.pl\/wp-content\/uploads\/2024\/09\/457617141_828579042718146_7101225946376262397_n-1024x768.jpg 1024w, https:\/\/parafialekawica.prohost.pl\/wp-content\/uploads\/2024\/09\/457617141_828579042718146_7101225946376262397_n-768x576.jpg 768w, https:\/\/parafialekawica.prohost.pl\/wp-content\/uploads\/2024\/09\/457617141_828579042718146_7101225946376262397_n-1536x1152.jpg 1536w\" sizes=\"auto, (max-width: 2048px) 100vw, 2048px\" \/><\/p>\n","protected":false},"excerpt":{"rendered":"<p>25 sierpnia br. parafia w Trzemesnej prze\u017cywa\u0142a Uroczysto\u015b\u0107 Odpustow\u0105 ku czci N.M.P. Cz\u0119stochowskiej. Suma odpustowej\u00a0 o godz. 11.00. przewodniczy\u0142\u00a0 i kazanie wyg\u0142osi\u0142 O. Maksymilian W\u00f3jtowicz ze Zgromadzenia Ksi\u0119\u017cy Michalit\u00f3w. Po Mszy \u015aw. mi\u0142a miejsce tradycyjnie\u00a0 procesja Eucharystyczna. B\u00f3g zap\u0142a\u0107 wszystkim parafianom i go\u015bciom za pi\u0119kne prze\u017cycie i przygotowanie Odpustu Parafialnego. Wszystkich polecamy opiece NMP Cz\u0119stochowskiej. [&hellip;]<\/p>\n","protected":false},"author":1,"featured_media":0,"comment_status":"closed","ping_status":"closed","sticky":false,"template":"","format":"standard","meta":{"footnotes":""},"categories":[10],"tags":[],"class_list":{"0":"post-2566","1":"post","2":"type-post","3":"status-publish","4":"format-standard","6":"category-trzemesna","7":"czr-hentry"},"_links":{"self":[{"href":"https:\/\/parafialekawica.prohost.pl\/index.php?rest_route=\/wp\/v2\/posts\/2566","targetHints":{"allow":["GET"]}}],"collection":[{"href":"https:\/\/parafialekawica.prohost.pl\/index.php?rest_route=\/wp\/v2\/posts"}],"about":[{"href":"https:\/\/parafialekawica.prohost.pl\/index.php?rest_route=\/wp\/v2\/types\/post"}],"author":[{"embeddable":true,"href":"https:\/\/parafialekawica.prohost.pl\/index.php?rest_route=\/wp\/v2\/users\/1"}],"replies":[{"embeddable":true,"href":"https:\/\/parafialekawica.prohost.pl\/index.php?rest_route=%2Fwp%2Fv2%2Fcomments&post=2566"}],"version-history":[{"count":2,"href":"https:\/\/parafialekawica.prohost.pl\/index.php?rest_route=\/wp\/v2\/posts\/2566\/revisions"}],"predecessor-version":[{"id":2573,"href":"https:\/\/parafialekawica.prohost.pl\/index.php?rest_route=\/wp\/v2\/posts\/2566\/revisions\/2573"}],"wp:attachment":[{"href":"https:\/\/parafialekawica.prohost.pl\/index.php?rest_route=%2Fwp%2Fv2%2Fmedia&parent=2566"}],"wp:term":[{"taxonomy":"category","embeddable":true,"href":"https:\/\/parafialekawica.prohost.pl\/index.php?rest_route=%2Fwp%2Fv2%2Fcategories&post=2566"},{"taxonomy":"post_tag","embeddable":true,"href":"https:\/\/parafialekawica.prohost.pl\/index.php?rest_route=%2Fwp%2Fv2%2Ftags&post=2566"}],"curies":[{"name":"wp","href":"https:\/\/api.w.org\/{rel}","templated":true}]}}