{"id":250,"date":"2021-08-18T15:13:04","date_gmt":"2021-08-18T15:13:04","guid":{"rendered":"http:\/\/parafialekawica.ugtarnow.pro-linuxpl.com\/?p=250"},"modified":"2021-11-08T15:24:26","modified_gmt":"2021-11-08T15:24:26","slug":"pozegnanie-ks-jakuba","status":"publish","type":"post","link":"https:\/\/parafialekawica.prohost.pl\/?p=250","title":{"rendered":"Po\u017cegnanie Ks. Jakuba"},"content":{"rendered":"<p style=\"text-align: justify;\">15 sierpnia mia\u0142o miejsce w naszej Parafii po\u017cegnanie naszego wikariusza &#8211; Ks. Jakuba, kt\u00f3ry decyzj\u0105 Bp. Tarnowskiego zostaje ko\u0144cem sierpnia przeniesiony do parafii pw. \u015aw. Kazimierza w Nowym S\u0105czu. Przypomnijmy, Ks. Jakub w dniu 27 sierpnia 2016 r. zosta\u0142 mianowany wikariuszem naszej parafii. Obecnie pe\u0142ni tak\u017ce funkcj\u0119 wicenotariusza dekanatu Tarn\u00f3w \u2013 Wsch\u00f3d, Relatora w dekanacie oraz duszpasterza m\u0142odzie\u017cy dekanatu Tarn\u00f3w &#8211; Wsch\u00f3d. Jest tak\u017ce cz\u0142onkiem Centrum Lokalnego M\u0142odzi na Progu Diecezji tarnowskiej.<\/p>\n<p style=\"text-align: justify;\">To 5 lat bardzo owocnej pracy duszpasterskiej, powo\u0142anie do \u017cycia zespo\u0142u Trisagion, rekolekcje i spotkania dla m\u0142odzie\u017cy, wieczory uwielbienia i powstanie miejsca spotka\u0144 dla mieszka\u0144c\u00f3w, kt\u00f3rego ks. Jakub by\u0142 nie tylko g\u0142\u00f3wnym architektem ale r\u00f3wnie\u017c osob\u0105, kt\u00f3ra sp\u0119dzi\u0142a mn\u00f3stwo godzin pracuj\u0105c fizycznie nad jego powstaniem.<\/p>\n<p style=\"text-align: justify;\">Jedna z naszych parafianek w komentarzu na FB napisa\u0142a: Ksi\u0119\u017ce Jakubie b\u0119dzie nam ksi\u0119dza bardzo brakowa\u0142o. \u017bycz\u0119 Ks zdrowia i ludzi \u017cyczliwych na nowej parafii.<\/p>\n<p style=\"text-align: justify;\">My r\u00f3wnie\u017c do\u0142\u0105czamy si\u0119 do tych \u017cycze\u0144, dzi\u0119kujemy za wszystko i \u017cyczymy opieki Matki Boskiej Tuchowskiej, gdziekolwiek przyjdzie ks. pe\u0142ni\u0107 swoj\u0105 pos\u0142ug\u0119.<\/p>\n<p style=\"text-align: justify;\">15 sierpnia to tak\u017ce \u015bwi\u0119to Wniebowzi\u0119cia Naj\u015bwi\u0119tszej Marii Panny (nazywane potocznie Matki Bo\u017cej Zielnej). W tym dniu \u015bwi\u0119cimy zio\u0142a, a w naszej parafii to tradycyjne r\u00f3wnie\u017c po\u015bwi\u0119cenie wie\u0144ca do\u017cynkowego, kt\u00f3ry przygotowa\u0142o Ko\u0142o Gospody\u0144 Wiejskich Czerwone Korale.<\/p>\n<p style=\"text-align: center;\"><img loading=\"lazy\" decoding=\"async\" class=\"alignnone size-full wp-image-251\" src=\"http:\/\/parafialekawica.ugtarnow.pro-linuxpl.com\/wp-content\/uploads\/2021\/11\/13-1.webp\" alt=\"\" width=\"1920\" height=\"1272\" srcset=\"https:\/\/parafialekawica.prohost.pl\/wp-content\/uploads\/2021\/11\/13-1.webp 1920w, https:\/\/parafialekawica.prohost.pl\/wp-content\/uploads\/2021\/11\/13-1-300x199.webp 300w, https:\/\/parafialekawica.prohost.pl\/wp-content\/uploads\/2021\/11\/13-1-1024x678.webp 1024w, https:\/\/parafialekawica.prohost.pl\/wp-content\/uploads\/2021\/11\/13-1-768x509.webp 768w, https:\/\/parafialekawica.prohost.pl\/wp-content\/uploads\/2021\/11\/13-1-1536x1018.webp 1536w\" sizes=\"auto, (max-width: 1920px) 100vw, 1920px\" \/> <img loading=\"lazy\" decoding=\"async\" class=\"alignnone size-full wp-image-252\" src=\"http:\/\/parafialekawica.ugtarnow.pro-linuxpl.com\/wp-content\/uploads\/2021\/11\/12-1.webp\" alt=\"\" width=\"1920\" height=\"1272\" srcset=\"https:\/\/parafialekawica.prohost.pl\/wp-content\/uploads\/2021\/11\/12-1.webp 1920w, https:\/\/parafialekawica.prohost.pl\/wp-content\/uploads\/2021\/11\/12-1-300x199.webp 300w, https:\/\/parafialekawica.prohost.pl\/wp-content\/uploads\/2021\/11\/12-1-1024x678.webp 1024w, https:\/\/parafialekawica.prohost.pl\/wp-content\/uploads\/2021\/11\/12-1-768x509.webp 768w, https:\/\/parafialekawica.prohost.pl\/wp-content\/uploads\/2021\/11\/12-1-1536x1018.webp 1536w\" sizes=\"auto, (max-width: 1920px) 100vw, 1920px\" \/> <img loading=\"lazy\" decoding=\"async\" class=\"alignnone size-full wp-image-253\" src=\"http:\/\/parafialekawica.ugtarnow.pro-linuxpl.com\/wp-content\/uploads\/2021\/11\/11-1.webp\" alt=\"\" width=\"1920\" height=\"1272\" srcset=\"https:\/\/parafialekawica.prohost.pl\/wp-content\/uploads\/2021\/11\/11-1.webp 1920w, https:\/\/parafialekawica.prohost.pl\/wp-content\/uploads\/2021\/11\/11-1-300x199.webp 300w, https:\/\/parafialekawica.prohost.pl\/wp-content\/uploads\/2021\/11\/11-1-1024x678.webp 1024w, https:\/\/parafialekawica.prohost.pl\/wp-content\/uploads\/2021\/11\/11-1-768x509.webp 768w, https:\/\/parafialekawica.prohost.pl\/wp-content\/uploads\/2021\/11\/11-1-1536x1018.webp 1536w\" sizes=\"auto, (max-width: 1920px) 100vw, 1920px\" \/> <img loading=\"lazy\" decoding=\"async\" class=\"alignnone size-full wp-image-254\" src=\"http:\/\/parafialekawica.ugtarnow.pro-linuxpl.com\/wp-content\/uploads\/2021\/11\/10-1.webp\" alt=\"\" width=\"1920\" height=\"1272\" srcset=\"https:\/\/parafialekawica.prohost.pl\/wp-content\/uploads\/2021\/11\/10-1.webp 1920w, https:\/\/parafialekawica.prohost.pl\/wp-content\/uploads\/2021\/11\/10-1-300x199.webp 300w, https:\/\/parafialekawica.prohost.pl\/wp-content\/uploads\/2021\/11\/10-1-1024x678.webp 1024w, https:\/\/parafialekawica.prohost.pl\/wp-content\/uploads\/2021\/11\/10-1-768x509.webp 768w, https:\/\/parafialekawica.prohost.pl\/wp-content\/uploads\/2021\/11\/10-1-1536x1018.webp 1536w\" sizes=\"auto, (max-width: 1920px) 100vw, 1920px\" \/> <img loading=\"lazy\" decoding=\"async\" class=\"alignnone size-full wp-image-255\" src=\"http:\/\/parafialekawica.ugtarnow.pro-linuxpl.com\/wp-content\/uploads\/2021\/11\/9-1.webp\" alt=\"\" width=\"1920\" height=\"1272\" srcset=\"https:\/\/parafialekawica.prohost.pl\/wp-content\/uploads\/2021\/11\/9-1.webp 1920w, https:\/\/parafialekawica.prohost.pl\/wp-content\/uploads\/2021\/11\/9-1-300x199.webp 300w, https:\/\/parafialekawica.prohost.pl\/wp-content\/uploads\/2021\/11\/9-1-1024x678.webp 1024w, https:\/\/parafialekawica.prohost.pl\/wp-content\/uploads\/2021\/11\/9-1-768x509.webp 768w, https:\/\/parafialekawica.prohost.pl\/wp-content\/uploads\/2021\/11\/9-1-1536x1018.webp 1536w\" sizes=\"auto, (max-width: 1920px) 100vw, 1920px\" \/> <img loading=\"lazy\" decoding=\"async\" class=\"alignnone size-full wp-image-256\" src=\"http:\/\/parafialekawica.ugtarnow.pro-linuxpl.com\/wp-content\/uploads\/2021\/11\/8-1.webp\" alt=\"\" width=\"1920\" height=\"1272\" srcset=\"https:\/\/parafialekawica.prohost.pl\/wp-content\/uploads\/2021\/11\/8-1.webp 1920w, https:\/\/parafialekawica.prohost.pl\/wp-content\/uploads\/2021\/11\/8-1-300x199.webp 300w, https:\/\/parafialekawica.prohost.pl\/wp-content\/uploads\/2021\/11\/8-1-1024x678.webp 1024w, https:\/\/parafialekawica.prohost.pl\/wp-content\/uploads\/2021\/11\/8-1-768x509.webp 768w, https:\/\/parafialekawica.prohost.pl\/wp-content\/uploads\/2021\/11\/8-1-1536x1018.webp 1536w\" sizes=\"auto, (max-width: 1920px) 100vw, 1920px\" \/> <img loading=\"lazy\" decoding=\"async\" class=\"alignnone size-full wp-image-257\" src=\"http:\/\/parafialekawica.ugtarnow.pro-linuxpl.com\/wp-content\/uploads\/2021\/11\/7-1.webp\" alt=\"\" width=\"1920\" height=\"1272\" srcset=\"https:\/\/parafialekawica.prohost.pl\/wp-content\/uploads\/2021\/11\/7-1.webp 1920w, https:\/\/parafialekawica.prohost.pl\/wp-content\/uploads\/2021\/11\/7-1-300x199.webp 300w, https:\/\/parafialekawica.prohost.pl\/wp-content\/uploads\/2021\/11\/7-1-1024x678.webp 1024w, https:\/\/parafialekawica.prohost.pl\/wp-content\/uploads\/2021\/11\/7-1-768x509.webp 768w, https:\/\/parafialekawica.prohost.pl\/wp-content\/uploads\/2021\/11\/7-1-1536x1018.webp 1536w\" sizes=\"auto, (max-width: 1920px) 100vw, 1920px\" \/> <img loading=\"lazy\" decoding=\"async\" class=\"alignnone size-full wp-image-258\" src=\"http:\/\/parafialekawica.ugtarnow.pro-linuxpl.com\/wp-content\/uploads\/2021\/11\/6-1.webp\" alt=\"\" width=\"1920\" height=\"1272\" srcset=\"https:\/\/parafialekawica.prohost.pl\/wp-content\/uploads\/2021\/11\/6-1.webp 1920w, https:\/\/parafialekawica.prohost.pl\/wp-content\/uploads\/2021\/11\/6-1-300x199.webp 300w, https:\/\/parafialekawica.prohost.pl\/wp-content\/uploads\/2021\/11\/6-1-1024x678.webp 1024w, https:\/\/parafialekawica.prohost.pl\/wp-content\/uploads\/2021\/11\/6-1-768x509.webp 768w, https:\/\/parafialekawica.prohost.pl\/wp-content\/uploads\/2021\/11\/6-1-1536x1018.webp 1536w\" sizes=\"auto, (max-width: 1920px) 100vw, 1920px\" \/> <img loading=\"lazy\" decoding=\"async\" class=\"alignnone size-full wp-image-259\" src=\"http:\/\/parafialekawica.ugtarnow.pro-linuxpl.com\/wp-content\/uploads\/2021\/11\/5-1.webp\" alt=\"\" width=\"1920\" height=\"1272\" srcset=\"https:\/\/parafialekawica.prohost.pl\/wp-content\/uploads\/2021\/11\/5-1.webp 1920w, https:\/\/parafialekawica.prohost.pl\/wp-content\/uploads\/2021\/11\/5-1-300x199.webp 300w, https:\/\/parafialekawica.prohost.pl\/wp-content\/uploads\/2021\/11\/5-1-1024x678.webp 1024w, https:\/\/parafialekawica.prohost.pl\/wp-content\/uploads\/2021\/11\/5-1-768x509.webp 768w, https:\/\/parafialekawica.prohost.pl\/wp-content\/uploads\/2021\/11\/5-1-1536x1018.webp 1536w\" sizes=\"auto, (max-width: 1920px) 100vw, 1920px\" \/> <img loading=\"lazy\" decoding=\"async\" class=\"alignnone size-full wp-image-260\" src=\"http:\/\/parafialekawica.ugtarnow.pro-linuxpl.com\/wp-content\/uploads\/2021\/11\/4-1.webp\" alt=\"\" width=\"1920\" height=\"1272\" srcset=\"https:\/\/parafialekawica.prohost.pl\/wp-content\/uploads\/2021\/11\/4-1.webp 1920w, https:\/\/parafialekawica.prohost.pl\/wp-content\/uploads\/2021\/11\/4-1-300x199.webp 300w, https:\/\/parafialekawica.prohost.pl\/wp-content\/uploads\/2021\/11\/4-1-1024x678.webp 1024w, https:\/\/parafialekawica.prohost.pl\/wp-content\/uploads\/2021\/11\/4-1-768x509.webp 768w, https:\/\/parafialekawica.prohost.pl\/wp-content\/uploads\/2021\/11\/4-1-1536x1018.webp 1536w\" sizes=\"auto, (max-width: 1920px) 100vw, 1920px\" \/> <img loading=\"lazy\" decoding=\"async\" class=\"alignnone size-full wp-image-261\" src=\"http:\/\/parafialekawica.ugtarnow.pro-linuxpl.com\/wp-content\/uploads\/2021\/11\/3-1.webp\" alt=\"\" width=\"1920\" height=\"1272\" srcset=\"https:\/\/parafialekawica.prohost.pl\/wp-content\/uploads\/2021\/11\/3-1.webp 1920w, https:\/\/parafialekawica.prohost.pl\/wp-content\/uploads\/2021\/11\/3-1-300x199.webp 300w, https:\/\/parafialekawica.prohost.pl\/wp-content\/uploads\/2021\/11\/3-1-1024x678.webp 1024w, https:\/\/parafialekawica.prohost.pl\/wp-content\/uploads\/2021\/11\/3-1-768x509.webp 768w, https:\/\/parafialekawica.prohost.pl\/wp-content\/uploads\/2021\/11\/3-1-1536x1018.webp 1536w\" sizes=\"auto, (max-width: 1920px) 100vw, 1920px\" \/> <img loading=\"lazy\" decoding=\"async\" class=\"alignnone size-full wp-image-262\" src=\"http:\/\/parafialekawica.ugtarnow.pro-linuxpl.com\/wp-content\/uploads\/2021\/11\/2-1.webp\" alt=\"\" width=\"865\" height=\"1305\" srcset=\"https:\/\/parafialekawica.prohost.pl\/wp-content\/uploads\/2021\/11\/2-1.webp 865w, https:\/\/parafialekawica.prohost.pl\/wp-content\/uploads\/2021\/11\/2-1-199x300.webp 199w, https:\/\/parafialekawica.prohost.pl\/wp-content\/uploads\/2021\/11\/2-1-679x1024.webp 679w, https:\/\/parafialekawica.prohost.pl\/wp-content\/uploads\/2021\/11\/2-1-768x1159.webp 768w\" sizes=\"auto, (max-width: 865px) 100vw, 865px\" \/> <img loading=\"lazy\" decoding=\"async\" class=\"alignnone size-full wp-image-263\" src=\"http:\/\/parafialekawica.ugtarnow.pro-linuxpl.com\/wp-content\/uploads\/2021\/11\/1-1.webp\" alt=\"\" width=\"1920\" height=\"1272\" srcset=\"https:\/\/parafialekawica.prohost.pl\/wp-content\/uploads\/2021\/11\/1-1.webp 1920w, https:\/\/parafialekawica.prohost.pl\/wp-content\/uploads\/2021\/11\/1-1-300x199.webp 300w, https:\/\/parafialekawica.prohost.pl\/wp-content\/uploads\/2021\/11\/1-1-1024x678.webp 1024w, https:\/\/parafialekawica.prohost.pl\/wp-content\/uploads\/2021\/11\/1-1-768x509.webp 768w, https:\/\/parafialekawica.prohost.pl\/wp-content\/uploads\/2021\/11\/1-1-1536x1018.webp 1536w\" sizes=\"auto, (max-width: 1920px) 100vw, 1920px\" \/><\/p>\n<p style=\"text-align: justify;\">\n","protected":false},"excerpt":{"rendered":"<p>15 sierpnia mia\u0142o miejsce w naszej Parafii po\u017cegnanie naszego wikariusza &#8211; Ks. Jakuba, kt\u00f3ry decyzj\u0105 Bp. Tarnowskiego zostaje ko\u0144cem sierpnia przeniesiony do parafii pw. \u015aw. Kazimierza w Nowym S\u0105czu. Przypomnijmy, Ks. Jakub w dniu 27 sierpnia 2016 r. zosta\u0142 mianowany wikariuszem naszej parafii. Obecnie pe\u0142ni tak\u017ce funkcj\u0119 wicenotariusza dekanatu Tarn\u00f3w \u2013 Wsch\u00f3d, Relatora w dekanacie [&hellip;]<\/p>\n","protected":false},"author":1,"featured_media":255,"comment_status":"closed","ping_status":"closed","sticky":false,"template":"","format":"standard","meta":{"footnotes":""},"categories":[1],"tags":[],"class_list":{"0":"post-250","1":"post","2":"type-post","3":"status-publish","4":"format-standard","5":"has-post-thumbnail","7":"category-aktualnosci","8":"czr-hentry"},"_links":{"self":[{"href":"https:\/\/parafialekawica.prohost.pl\/index.php?rest_route=\/wp\/v2\/posts\/250","targetHints":{"allow":["GET"]}}],"collection":[{"href":"https:\/\/parafialekawica.prohost.pl\/index.php?rest_route=\/wp\/v2\/posts"}],"about":[{"href":"https:\/\/parafialekawica.prohost.pl\/index.php?rest_route=\/wp\/v2\/types\/post"}],"author":[{"embeddable":true,"href":"https:\/\/parafialekawica.prohost.pl\/index.php?rest_route=\/wp\/v2\/users\/1"}],"replies":[{"embeddable":true,"href":"https:\/\/parafialekawica.prohost.pl\/index.php?rest_route=%2Fwp%2Fv2%2Fcomments&post=250"}],"version-history":[{"count":2,"href":"https:\/\/parafialekawica.prohost.pl\/index.php?rest_route=\/wp\/v2\/posts\/250\/revisions"}],"predecessor-version":[{"id":265,"href":"https:\/\/parafialekawica.prohost.pl\/index.php?rest_route=\/wp\/v2\/posts\/250\/revisions\/265"}],"wp:featuredmedia":[{"embeddable":true,"href":"https:\/\/parafialekawica.prohost.pl\/index.php?rest_route=\/wp\/v2\/media\/255"}],"wp:attachment":[{"href":"https:\/\/parafialekawica.prohost.pl\/index.php?rest_route=%2Fwp%2Fv2%2Fmedia&parent=250"}],"wp:term":[{"taxonomy":"category","embeddable":true,"href":"https:\/\/parafialekawica.prohost.pl\/index.php?rest_route=%2Fwp%2Fv2%2Fcategories&post=250"},{"taxonomy":"post_tag","embeddable":true,"href":"https:\/\/parafialekawica.prohost.pl\/index.php?rest_route=%2Fwp%2Fv2%2Ftags&post=250"}],"curies":[{"name":"wp","href":"https:\/\/api.w.org\/{rel}","templated":true}]}}