{"id":2335,"date":"2024-05-14T10:04:10","date_gmt":"2024-05-14T10:04:10","guid":{"rendered":"https:\/\/parafialekawica.prohost.pl\/?p=2335"},"modified":"2024-05-22T11:26:48","modified_gmt":"2024-05-22T11:26:48","slug":"tragiczna-smierc-o-andrzeja-zajaca","status":"publish","type":"post","link":"https:\/\/parafialekawica.prohost.pl\/?p=2335","title":{"rendered":"Tragiczna \u015bmier\u0107 o. Andrzeja Zaj\u0105ca"},"content":{"rendered":"<p style=\"text-align: justify;\">Wieczny odpoczynek racz Mu da\u0107, Panie, a \u015bwiat\u0142o\u015b\u0107 wiekuista niechaj Mu \u015bwieci. Niech odpoczywa w pokoju wiecznym na wieki wiek\u00f3w, Amen. Dobry Jezu a nasz Panie daj Mu wieczne spoczywanie.<\/p>\n<p style=\"text-align: justify;\">Kr\u00f3tko po p\u00f3\u0142nocy 14 maja 2024 roku w pozna\u0144skim szpitalu zmar\u0142 o. Andrzej Zaj\u0105c CSsR. Odszed\u0142 do Pana w wieku 55 lat, w 27. roku kap\u0142a\u0144stwa i 34. roku \u017cycia zakonnego. Informacje o pogrzebie zostan\u0105 podane w p\u00f3\u017aniejszym terminie.<\/p>\n<p style=\"text-align: justify;\">O. Andrzej Zaj\u0105c urodzi\u0142 si\u0119 9 czerwca 1968 roku w Tarnowie z rodzic\u00f3w J\u00f3zefa i Marii zd. K\u0119pa. Po uko\u0144czeniu szko\u0142y podstawowej w rodzinnej \u0141\u0119kawicy rozpocz\u0105\u0142 nauk\u0119 najpierw w Zasadniczej Szkole Budowlanej w Tarnowie, a nast\u0119pnie w tamtejszym technikum budowlanym.<\/p>\n<p style=\"text-align: justify;\">Do Zgromadzenia Redemptoryst\u00f3w wst\u0105pi\u0142 w 1989 roku. Pierwsze \u015bluby zakonne z\u0142o\u017cy\u0142 2 lutego 1991 roku, za\u015b \u015bluby wieczyste 15 sierpnia 1995 roku. \u015awi\u0119cenia prezbiteratu przyj\u0105\u0142 2 czerwca 1996 roku w Tuchowie z r\u0105k bpa Czes\u0142awa Stanuli CSsR.<\/p>\n<p style=\"text-align: justify;\">Tu\u017c po \u015bwi\u0119ceniach pracowa\u0142 jako duszpasterz \u2013 najpierw w Toruniu (1996-97), gdzie by\u0142 nauczycielem religii w zespole szk\u00f3\u0142 samochodowych, a nast\u0119pnie w Siekierkach (1997-98), gdzie katechizowa\u0142 dzieci w szko\u0142ach podstawowych. Ju\u017c wtedy ochoczo podejmowa\u0142 prac\u0119 misyjno-rekolekcyjn\u0105. Po uko\u0144czeniu Tirocinium w Krakowie (1998-99) podj\u0105\u0142 prac\u0119 misjonarza rekolekcjonisty, kt\u00f3r\u0105 realizowa\u0142 zawsze z ogromn\u0105 gorliwo\u015bci\u0105 i zaanga\u017cowaniem. Cz\u0119sto wyje\u017cd\u017ca\u0142 z pomoc\u0105 duszpastersk\u0105 do Bawarii. Od wielu lat anga\u017cowa\u0142 si\u0119 te\u017c w Dzie\u0142o Intronizacji Naj\u015bwi\u0119tszego Serca Pana Jezusa.<\/p>\n<p style=\"text-align: justify;\">W latach 1999-2008 mieszka\u0142 w Toruniu, a nast\u0119pnie we Wroc\u0142awiu (2008-11), Warszawie przy ul. Karolkowej (2011-2014), Gliwicach (2014-15), Szczecinku (2015-19), Bardzie (2019-2024). Od stycznia 2024 roku by\u0142 dyrektorem misji w Zamo\u015bciu. W nocy z 12 na 13 maja 2024 roku, wracaj\u0105c z kolejnej pracy apostolskiej, uczestniczy\u0142 w wypadku samochodowym w rejonie miejscowo\u015bci Wr\u00f3blewo na trasie S5 pomi\u0119dzy Poznaniem a Gnieznem. Na skutek odniesionych obra\u017ce\u0144, mimo wysi\u0142ku lekarzy, zmar\u0142 w pozna\u0144skim szpitalu 14 maja 2024 roku.<\/p>\n<p>tekst z <a href=\"https:\/\/www.redemptor.pl\/zmarl-o-andrzej-zajac-cssr\/\">https:\/\/www.redemptor.pl\/zmarl-o-andrzej-zajac-cssr\/<\/a><\/p>\n<p style=\"text-align: center;\"><img loading=\"lazy\" decoding=\"async\" class=\"alignnone size-full wp-image-2337\" src=\"https:\/\/parafialekawica.prohost.pl\/wp-content\/uploads\/2024\/05\/andrzej_zajac.jpg\" alt=\"\" width=\"1033\" height=\"694\" srcset=\"https:\/\/parafialekawica.prohost.pl\/wp-content\/uploads\/2024\/05\/andrzej_zajac.jpg 1033w, https:\/\/parafialekawica.prohost.pl\/wp-content\/uploads\/2024\/05\/andrzej_zajac-300x202.jpg 300w, https:\/\/parafialekawica.prohost.pl\/wp-content\/uploads\/2024\/05\/andrzej_zajac-1024x688.jpg 1024w, https:\/\/parafialekawica.prohost.pl\/wp-content\/uploads\/2024\/05\/andrzej_zajac-768x516.jpg 768w\" sizes=\"auto, (max-width: 1033px) 100vw, 1033px\" \/><\/p>\n<figure id=\"attachment_2367\" aria-describedby=\"caption-attachment-2367\" style=\"width: 1080px\" class=\"wp-caption alignnone\"><img loading=\"lazy\" decoding=\"async\" class=\"size-full wp-image-2367\" src=\"https:\/\/parafialekawica.prohost.pl\/wp-content\/uploads\/2024\/05\/443698052_768431588732892_3556522128442603305_n.jpg\" alt=\"\" width=\"1080\" height=\"540\" srcset=\"https:\/\/parafialekawica.prohost.pl\/wp-content\/uploads\/2024\/05\/443698052_768431588732892_3556522128442603305_n.jpg 1080w, https:\/\/parafialekawica.prohost.pl\/wp-content\/uploads\/2024\/05\/443698052_768431588732892_3556522128442603305_n-300x150.jpg 300w, https:\/\/parafialekawica.prohost.pl\/wp-content\/uploads\/2024\/05\/443698052_768431588732892_3556522128442603305_n-1024x512.jpg 1024w, https:\/\/parafialekawica.prohost.pl\/wp-content\/uploads\/2024\/05\/443698052_768431588732892_3556522128442603305_n-768x384.jpg 768w\" sizes=\"auto, (max-width: 1080px) 100vw, 1080px\" \/><figcaption id=\"caption-attachment-2367\" class=\"wp-caption-text\">dav<\/figcaption><\/figure>\n<p style=\"text-align: center;\">\n","protected":false},"excerpt":{"rendered":"<p>Wieczny odpoczynek racz Mu da\u0107, Panie, a \u015bwiat\u0142o\u015b\u0107 wiekuista niechaj Mu \u015bwieci. Niech odpoczywa w pokoju wiecznym na wieki wiek\u00f3w, Amen. Dobry Jezu a nasz Panie daj Mu wieczne spoczywanie. Kr\u00f3tko po p\u00f3\u0142nocy 14 maja 2024 roku w pozna\u0144skim szpitalu zmar\u0142 o. Andrzej Zaj\u0105c CSsR. Odszed\u0142 do Pana w wieku 55 lat, w 27. roku [&hellip;]<\/p>\n","protected":false},"author":1,"featured_media":2337,"comment_status":"closed","ping_status":"closed","sticky":false,"template":"","format":"standard","meta":{"footnotes":""},"categories":[1],"tags":[],"class_list":{"0":"post-2335","1":"post","2":"type-post","3":"status-publish","4":"format-standard","5":"has-post-thumbnail","7":"category-aktualnosci","8":"czr-hentry"},"_links":{"self":[{"href":"https:\/\/parafialekawica.prohost.pl\/index.php?rest_route=\/wp\/v2\/posts\/2335","targetHints":{"allow":["GET"]}}],"collection":[{"href":"https:\/\/parafialekawica.prohost.pl\/index.php?rest_route=\/wp\/v2\/posts"}],"about":[{"href":"https:\/\/parafialekawica.prohost.pl\/index.php?rest_route=\/wp\/v2\/types\/post"}],"author":[{"embeddable":true,"href":"https:\/\/parafialekawica.prohost.pl\/index.php?rest_route=\/wp\/v2\/users\/1"}],"replies":[{"embeddable":true,"href":"https:\/\/parafialekawica.prohost.pl\/index.php?rest_route=%2Fwp%2Fv2%2Fcomments&post=2335"}],"version-history":[{"count":5,"href":"https:\/\/parafialekawica.prohost.pl\/index.php?rest_route=\/wp\/v2\/posts\/2335\/revisions"}],"predecessor-version":[{"id":2368,"href":"https:\/\/parafialekawica.prohost.pl\/index.php?rest_route=\/wp\/v2\/posts\/2335\/revisions\/2368"}],"wp:featuredmedia":[{"embeddable":true,"href":"https:\/\/parafialekawica.prohost.pl\/index.php?rest_route=\/wp\/v2\/media\/2337"}],"wp:attachment":[{"href":"https:\/\/parafialekawica.prohost.pl\/index.php?rest_route=%2Fwp%2Fv2%2Fmedia&parent=2335"}],"wp:term":[{"taxonomy":"category","embeddable":true,"href":"https:\/\/parafialekawica.prohost.pl\/index.php?rest_route=%2Fwp%2Fv2%2Fcategories&post=2335"},{"taxonomy":"post_tag","embeddable":true,"href":"https:\/\/parafialekawica.prohost.pl\/index.php?rest_route=%2Fwp%2Fv2%2Ftags&post=2335"}],"curies":[{"name":"wp","href":"https:\/\/api.w.org\/{rel}","templated":true}]}}