{"id":1275,"date":"2023-01-03T19:08:01","date_gmt":"2023-01-03T19:08:01","guid":{"rendered":"https:\/\/parafialekawica.prohost.pl\/?p=1275"},"modified":"2023-01-03T19:28:49","modified_gmt":"2023-01-03T19:28:49","slug":"statystyki-2022-r","status":"publish","type":"post","link":"https:\/\/parafialekawica.prohost.pl\/?p=1275","title":{"rendered":"Statystyki 2022 r."},"content":{"rendered":"<p style=\"text-align: justify;\">\u2022 W ko\u0144cz\u0105cym si\u0119 roku Sakrament Chrztu przyj\u0119\u0142o: 25 dzieci: (9 dziewczynek i 16 ch\u0142opc\u00f3w) (w tamtym roku 19).<br \/>\n\u2022 Po raz pierwszy do swojego serca mog\u0142o przyj\u0105\u0107 Jezusa, wcze\u015bniej skorzystawszy z Sakramentu Pokuty: 19 dzieci z klas trzecich: (12 dziewczynek i 7 ch\u0142opc\u00f3w) (w tamtym roku 29)<br \/>\n\u2022 Sakrament bierzmowania \u2013 sakrament Ducha \u015awi\u0119tego \u2013 przyj\u0119\u0142o 24 osoby z klas \u00f3smych tj. (13 dziewczyn i 11 ch\u0142opc\u00f3w) (w tamtym roku 29) .<br \/>\n\u2022 Wobec Chrystusa i Ko\u015bcio\u0142a \u015blubowa\u0142o sobie przed o\u0142tarzem w naszym parafialnym ko\u015bciele mi\u0142o\u015b\u0107 do ko\u0144ca \u017cycia 7 par, kt\u00f3re zawar\u0142y Sakramentalny Zwi\u0105zek Ma\u0142\u017ce\u0144ski. (w tamtym roku\u00a0 9 )<br \/>\nSi\u0142\u0105 dla nas chrze\u015bcijan w zmaganiu si\u0119 z codzienno\u015bci\u0105 by\u0142a i zawsze jest Eucharystia \u2013 Msza \u015awi\u0119ta, a przede wszystkim cz\u0119sta i godnie przyjmowana Komunia \u015awi\u0119ta, o warto\u015bci kt\u00f3rej w tym Roku Duszpasterskim tak du\u017co m\u00f3wili\u015bmy. W naszym ko\u015bciele udzielono oko\u0142o<br \/>\n45 000 Komunii \u015awi\u0119tych . Tyle razy i w tylu sercach Chrystus wszed\u0142 do naszych dom\u00f3w, aby by\u0107 nasz\u0105 moc\u0105, pomoc\u0105 w pracy, w nauce, pociech\u0105 dla samotnych i cierpi\u0105cych. Za wszystkich parafian (\u017cywych i zmar\u0142ych) odprawili\u015bmy 58 Mszy \u015bw. tzw. Pro populo (tu w parafii i poza parafi\u0105), prosz\u0105c o B\u0142ogos\u0142awie\u0144stwo Bo\u017ce dla \u017cywych, a dla zmar\u0142ych o rado\u015b\u0107 wieczn\u0105.<br \/>\nNasz\u0105 trosk\u0105 duszpastersk\u0105 obejmowali\u015bmy z okazji pierwszych pi\u0105tk\u00f3w miesi\u0105ca 19 os\u00f3b starszych, chorych, cierpi\u0105cych. (podczas \u015bwi\u0105t 25 os\u00f3b). Czworo z nich odesz\u0142o w tym roku do wieczno\u015bci. W ko\u0144cz\u0105cym si\u0119 roku by\u0142o 29 pogrzeb\u00f3w ( 15 m\u0119\u017cczyzn i 14 kobiet), w tym jedno nienarodzone dziecko. 10 pogrzeb\u00f3w dotyczy\u0142o os\u00f3b zamieszkuj\u0105cych poza nasz\u0105 parafi\u0105. ( w tamtym roku by\u0142y 23 &#8211; pogrzeby)<\/p>\n","protected":false},"excerpt":{"rendered":"<p>\u2022 W ko\u0144cz\u0105cym si\u0119 roku Sakrament Chrztu przyj\u0119\u0142o: 25 dzieci: (9 dziewczynek i 16 ch\u0142opc\u00f3w) (w tamtym roku 19). \u2022 Po raz pierwszy do swojego serca mog\u0142o przyj\u0105\u0107 Jezusa, wcze\u015bniej skorzystawszy z Sakramentu Pokuty: 19 dzieci z klas trzecich: (12 dziewczynek i 7 ch\u0142opc\u00f3w) (w tamtym roku 29) \u2022 Sakrament bierzmowania \u2013 sakrament Ducha \u015awi\u0119tego [&hellip;]<\/p>\n","protected":false},"author":1,"featured_media":1277,"comment_status":"closed","ping_status":"closed","sticky":false,"template":"","format":"standard","meta":{"footnotes":""},"categories":[1],"tags":[],"class_list":{"0":"post-1275","1":"post","2":"type-post","3":"status-publish","4":"format-standard","5":"has-post-thumbnail","7":"category-aktualnosci","8":"czr-hentry"},"_links":{"self":[{"href":"https:\/\/parafialekawica.prohost.pl\/index.php?rest_route=\/wp\/v2\/posts\/1275","targetHints":{"allow":["GET"]}}],"collection":[{"href":"https:\/\/parafialekawica.prohost.pl\/index.php?rest_route=\/wp\/v2\/posts"}],"about":[{"href":"https:\/\/parafialekawica.prohost.pl\/index.php?rest_route=\/wp\/v2\/types\/post"}],"author":[{"embeddable":true,"href":"https:\/\/parafialekawica.prohost.pl\/index.php?rest_route=\/wp\/v2\/users\/1"}],"replies":[{"embeddable":true,"href":"https:\/\/parafialekawica.prohost.pl\/index.php?rest_route=%2Fwp%2Fv2%2Fcomments&post=1275"}],"version-history":[{"count":1,"href":"https:\/\/parafialekawica.prohost.pl\/index.php?rest_route=\/wp\/v2\/posts\/1275\/revisions"}],"predecessor-version":[{"id":1276,"href":"https:\/\/parafialekawica.prohost.pl\/index.php?rest_route=\/wp\/v2\/posts\/1275\/revisions\/1276"}],"wp:featuredmedia":[{"embeddable":true,"href":"https:\/\/parafialekawica.prohost.pl\/index.php?rest_route=\/wp\/v2\/media\/1277"}],"wp:attachment":[{"href":"https:\/\/parafialekawica.prohost.pl\/index.php?rest_route=%2Fwp%2Fv2%2Fmedia&parent=1275"}],"wp:term":[{"taxonomy":"category","embeddable":true,"href":"https:\/\/parafialekawica.prohost.pl\/index.php?rest_route=%2Fwp%2Fv2%2Fcategories&post=1275"},{"taxonomy":"post_tag","embeddable":true,"href":"https:\/\/parafialekawica.prohost.pl\/index.php?rest_route=%2Fwp%2Fv2%2Ftags&post=1275"}],"curies":[{"name":"wp","href":"https:\/\/api.w.org\/{rel}","templated":true}]}}