{"id":1112,"date":"2022-11-13T12:30:27","date_gmt":"2022-11-13T12:30:27","guid":{"rendered":"https:\/\/parafialekawica.prohost.pl\/?p=1112"},"modified":"2024-05-14T19:50:48","modified_gmt":"2024-05-14T19:50:48","slug":"wypominki-narodowe","status":"publish","type":"post","link":"https:\/\/parafialekawica.prohost.pl\/?p=1112","title":{"rendered":"Wypominki Narodowe"},"content":{"rendered":"<p style=\"text-align: justify;\">13. 11 br. w naszym ko\u015bciele mia\u0142y miejsce Wypominki Narodowe. Czytano nazwiska bohater\u00f3w i m\u0119czennik\u00f3w, kt\u00f3rzy zgin\u0119li w obronie Ojczyzny. Modlono si\u0119 za uczestnik\u00f3w powsta\u0144, dow\u00f3dc\u00f3w i \u017co\u0142nierzy, za porwanych i m\u0119czonych. Inscenizacja przygotowana zosta\u0142a przez m\u0142odzie\u017c z naszej parafii wraz z ks. Hubertem. Wieczny odpoczynek racz im da\u0107 Panie &#8230;<\/p>\n<p style=\"text-align: center;\"><img loading=\"lazy\" decoding=\"async\" class=\"alignnone size-full wp-image-1113\" src=\"https:\/\/parafialekawica.prohost.pl\/wp-content\/uploads\/2022\/11\/DSCF4933.jpg\" alt=\"\" width=\"2304\" height=\"1536\" srcset=\"https:\/\/parafialekawica.prohost.pl\/wp-content\/uploads\/2022\/11\/DSCF4933.jpg 2304w, https:\/\/parafialekawica.prohost.pl\/wp-content\/uploads\/2022\/11\/DSCF4933-300x200.jpg 300w, https:\/\/parafialekawica.prohost.pl\/wp-content\/uploads\/2022\/11\/DSCF4933-1024x683.jpg 1024w, https:\/\/parafialekawica.prohost.pl\/wp-content\/uploads\/2022\/11\/DSCF4933-768x512.jpg 768w, https:\/\/parafialekawica.prohost.pl\/wp-content\/uploads\/2022\/11\/DSCF4933-1536x1024.jpg 1536w, https:\/\/parafialekawica.prohost.pl\/wp-content\/uploads\/2022\/11\/DSCF4933-2048x1365.jpg 2048w\" sizes=\"auto, (max-width: 2304px) 100vw, 2304px\" \/> <img loading=\"lazy\" decoding=\"async\" class=\"alignnone size-full wp-image-1114\" src=\"https:\/\/parafialekawica.prohost.pl\/wp-content\/uploads\/2022\/11\/DSCF4941.jpg\" alt=\"\" width=\"2304\" height=\"1536\" srcset=\"https:\/\/parafialekawica.prohost.pl\/wp-content\/uploads\/2022\/11\/DSCF4941.jpg 2304w, https:\/\/parafialekawica.prohost.pl\/wp-content\/uploads\/2022\/11\/DSCF4941-300x200.jpg 300w, https:\/\/parafialekawica.prohost.pl\/wp-content\/uploads\/2022\/11\/DSCF4941-1024x683.jpg 1024w, https:\/\/parafialekawica.prohost.pl\/wp-content\/uploads\/2022\/11\/DSCF4941-768x512.jpg 768w, https:\/\/parafialekawica.prohost.pl\/wp-content\/uploads\/2022\/11\/DSCF4941-1536x1024.jpg 1536w, https:\/\/parafialekawica.prohost.pl\/wp-content\/uploads\/2022\/11\/DSCF4941-2048x1365.jpg 2048w\" sizes=\"auto, (max-width: 2304px) 100vw, 2304px\" \/> <img loading=\"lazy\" decoding=\"async\" class=\"alignnone size-full wp-image-1115\" src=\"https:\/\/parafialekawica.prohost.pl\/wp-content\/uploads\/2022\/11\/DSCF4945.jpg\" alt=\"\" width=\"2304\" height=\"1536\" srcset=\"https:\/\/parafialekawica.prohost.pl\/wp-content\/uploads\/2022\/11\/DSCF4945.jpg 2304w, https:\/\/parafialekawica.prohost.pl\/wp-content\/uploads\/2022\/11\/DSCF4945-300x200.jpg 300w, https:\/\/parafialekawica.prohost.pl\/wp-content\/uploads\/2022\/11\/DSCF4945-1024x683.jpg 1024w, https:\/\/parafialekawica.prohost.pl\/wp-content\/uploads\/2022\/11\/DSCF4945-768x512.jpg 768w, https:\/\/parafialekawica.prohost.pl\/wp-content\/uploads\/2022\/11\/DSCF4945-1536x1024.jpg 1536w, https:\/\/parafialekawica.prohost.pl\/wp-content\/uploads\/2022\/11\/DSCF4945-2048x1365.jpg 2048w\" sizes=\"auto, (max-width: 2304px) 100vw, 2304px\" \/> <img loading=\"lazy\" decoding=\"async\" class=\"alignnone size-full wp-image-1116\" src=\"https:\/\/parafialekawica.prohost.pl\/wp-content\/uploads\/2022\/11\/DSCF4947.jpg\" alt=\"\" width=\"2304\" height=\"1536\" srcset=\"https:\/\/parafialekawica.prohost.pl\/wp-content\/uploads\/2022\/11\/DSCF4947.jpg 2304w, https:\/\/parafialekawica.prohost.pl\/wp-content\/uploads\/2022\/11\/DSCF4947-300x200.jpg 300w, https:\/\/parafialekawica.prohost.pl\/wp-content\/uploads\/2022\/11\/DSCF4947-1024x683.jpg 1024w, https:\/\/parafialekawica.prohost.pl\/wp-content\/uploads\/2022\/11\/DSCF4947-768x512.jpg 768w, https:\/\/parafialekawica.prohost.pl\/wp-content\/uploads\/2022\/11\/DSCF4947-1536x1024.jpg 1536w, https:\/\/parafialekawica.prohost.pl\/wp-content\/uploads\/2022\/11\/DSCF4947-2048x1365.jpg 2048w\" sizes=\"auto, (max-width: 2304px) 100vw, 2304px\" \/> <img loading=\"lazy\" decoding=\"async\" class=\"alignnone size-full wp-image-1117\" src=\"https:\/\/parafialekawica.prohost.pl\/wp-content\/uploads\/2022\/11\/DSCF4948.jpg\" alt=\"\" width=\"2304\" height=\"1536\" srcset=\"https:\/\/parafialekawica.prohost.pl\/wp-content\/uploads\/2022\/11\/DSCF4948.jpg 2304w, https:\/\/parafialekawica.prohost.pl\/wp-content\/uploads\/2022\/11\/DSCF4948-300x200.jpg 300w, https:\/\/parafialekawica.prohost.pl\/wp-content\/uploads\/2022\/11\/DSCF4948-1024x683.jpg 1024w, https:\/\/parafialekawica.prohost.pl\/wp-content\/uploads\/2022\/11\/DSCF4948-768x512.jpg 768w, https:\/\/parafialekawica.prohost.pl\/wp-content\/uploads\/2022\/11\/DSCF4948-1536x1024.jpg 1536w, https:\/\/parafialekawica.prohost.pl\/wp-content\/uploads\/2022\/11\/DSCF4948-2048x1365.jpg 2048w\" sizes=\"auto, (max-width: 2304px) 100vw, 2304px\" \/><\/p>\n","protected":false},"excerpt":{"rendered":"<p>13. 11 br. w naszym ko\u015bciele mia\u0142y miejsce Wypominki Narodowe. Czytano nazwiska bohater\u00f3w i m\u0119czennik\u00f3w, kt\u00f3rzy zgin\u0119li w obronie Ojczyzny. Modlono si\u0119 za uczestnik\u00f3w powsta\u0144, dow\u00f3dc\u00f3w i \u017co\u0142nierzy, za porwanych i m\u0119czonych. Inscenizacja przygotowana zosta\u0142a przez m\u0142odzie\u017c z naszej parafii wraz z ks. Hubertem. Wieczny odpoczynek racz im da\u0107 Panie &#8230;<\/p>\n","protected":false},"author":1,"featured_media":0,"comment_status":"closed","ping_status":"closed","sticky":false,"template":"","format":"standard","meta":{"footnotes":""},"categories":[1],"tags":[],"class_list":{"0":"post-1112","1":"post","2":"type-post","3":"status-publish","4":"format-standard","6":"category-aktualnosci","7":"czr-hentry"},"_links":{"self":[{"href":"https:\/\/parafialekawica.prohost.pl\/index.php?rest_route=\/wp\/v2\/posts\/1112","targetHints":{"allow":["GET"]}}],"collection":[{"href":"https:\/\/parafialekawica.prohost.pl\/index.php?rest_route=\/wp\/v2\/posts"}],"about":[{"href":"https:\/\/parafialekawica.prohost.pl\/index.php?rest_route=\/wp\/v2\/types\/post"}],"author":[{"embeddable":true,"href":"https:\/\/parafialekawica.prohost.pl\/index.php?rest_route=\/wp\/v2\/users\/1"}],"replies":[{"embeddable":true,"href":"https:\/\/parafialekawica.prohost.pl\/index.php?rest_route=%2Fwp%2Fv2%2Fcomments&post=1112"}],"version-history":[{"count":1,"href":"https:\/\/parafialekawica.prohost.pl\/index.php?rest_route=\/wp\/v2\/posts\/1112\/revisions"}],"predecessor-version":[{"id":1118,"href":"https:\/\/parafialekawica.prohost.pl\/index.php?rest_route=\/wp\/v2\/posts\/1112\/revisions\/1118"}],"wp:attachment":[{"href":"https:\/\/parafialekawica.prohost.pl\/index.php?rest_route=%2Fwp%2Fv2%2Fmedia&parent=1112"}],"wp:term":[{"taxonomy":"category","embeddable":true,"href":"https:\/\/parafialekawica.prohost.pl\/index.php?rest_route=%2Fwp%2Fv2%2Fcategories&post=1112"},{"taxonomy":"post_tag","embeddable":true,"href":"https:\/\/parafialekawica.prohost.pl\/index.php?rest_route=%2Fwp%2Fv2%2Ftags&post=1112"}],"curies":[{"name":"wp","href":"https:\/\/api.w.org\/{rel}","templated":true}]}}